{"id":3397,"date":"2016-07-21T14:13:08","date_gmt":"2016-07-21T17:13:08","guid":{"rendered":"http:\/\/www.todovinos.cl\/wp2\/?p=3397"},"modified":"2016-07-23T18:55:22","modified_gmt":"2016-07-23T21:55:22","slug":"palmares-de-la-edicion-2016-de-los-premios-de-la-oiv","status":"publish","type":"post","link":"https:\/\/www.todovinos.cl\/wp2\/2016\/07\/21\/palmares-de-la-edicion-2016-de-los-premios-de-la-oiv\/","title":{"rendered":"Palmar\u00e9s de la edici\u00f3n 2016 de los premios de la OIV"},"content":{"rendered":"<p style=\"text-align: justify;\"><a href=\"http:\/\/www.todovinos.cl\/wp2\/wp-content\/uploads\/2016\/07\/oivpalma.jpg\"><img loading=\"lazy\" decoding=\"async\" class=\"wp-image-3412 alignleft\" src=\"http:\/\/www.todovinos.cl\/wp2\/wp-content\/uploads\/2016\/07\/oivpalma-300x250.jpg\" alt=\"oivpalma\" width=\"182\" height=\"152\" srcset=\"https:\/\/www.todovinos.cl\/wp2\/wp-content\/uploads\/2016\/07\/oivpalma-300x250.jpg 300w, https:\/\/www.todovinos.cl\/wp2\/wp-content\/uploads\/2016\/07\/oivpalma.jpg 536w\" sizes=\"auto, (max-width: 182px) 100vw, 182px\" \/><\/a>El jurado de la Organizaci\u00f3n Internacional de la Vi\u00f1a y el Vino (OIV) entreg\u00f3 recientemente en Par\u00eds, 12 premios y 13 menciones especiales entre 40 obras nominadas, seleccionadas a partir de 76 candidaturas recibidas.<\/p>\n<p style=\"text-align: justify;\">La edici\u00f3n 2016 de los Palmar\u00e9s de la OIV puede considerarse una gran a\u00f1ada, por la calidad de las obras en competici\u00f3n. Estuvieron representados 27 pa\u00edses en las inscripciones, un r\u00e9cord desde la creaci\u00f3n de los Premios de la OIV.<\/p>\n<p style=\"text-align: justify;\">Adem\u00e1s, a t\u00edtulo excepcional, se adjudic\u00f3 el<strong> Gran Premio de la OIV<\/strong> a <em>Pierre Gale<\/em>t, por un lado, y a <em>Jancis Robinson<\/em>, por otro, por su contribuci\u00f3n a la difusi\u00f3n del conocimiento del sector vitivin\u00edcola y en reconocimiento a su obra, apreciada a escala internacional.<\/p>\n<p><a href=\"http:\/\/www.todovinos.cl\/wp2\/wp-content\/uploads\/2016\/07\/esp1.jpg\"><img loading=\"lazy\" decoding=\"async\" class=\" wp-image-3398 alignleft\" src=\"http:\/\/www.todovinos.cl\/wp2\/wp-content\/uploads\/2016\/07\/esp1.jpg\" alt=\"esp1\" width=\"160\" height=\"160\" srcset=\"https:\/\/www.todovinos.cl\/wp2\/wp-content\/uploads\/2016\/07\/esp1.jpg 250w, https:\/\/www.todovinos.cl\/wp2\/wp-content\/uploads\/2016\/07\/esp1-150x150.jpg 150w, https:\/\/www.todovinos.cl\/wp2\/wp-content\/uploads\/2016\/07\/esp1-50x50.jpg 50w\" sizes=\"auto, (max-width: 160px) 100vw, 160px\" \/><\/a>A <strong>Pierre Galet<\/strong> por el conjunto de su obra y por el libro representativo de su carrera como autor:<br \/>\nDictionnaire encyclop\u00e9dique des c\u00e9pages et de leurs synonymes<br \/>\nAutor: Pierre Galet<br \/>\nEditor: Libre &amp; Solidaire<br \/>\nPa\u00eds: Francia<br \/>\nIdioma: franc\u00e9s<br \/>\n1200 p\u00e1ginas<\/p>\n<p>&nbsp;<\/p>\n<p><a href=\"http:\/\/www.todovinos.cl\/wp2\/wp-content\/uploads\/2016\/07\/esp2.jpg\"><img loading=\"lazy\" decoding=\"async\" class=\" wp-image-3399 alignleft\" src=\"http:\/\/www.todovinos.cl\/wp2\/wp-content\/uploads\/2016\/07\/esp2-239x300.jpg\" alt=\"esp2\" width=\"160\" height=\"200\" srcset=\"https:\/\/www.todovinos.cl\/wp2\/wp-content\/uploads\/2016\/07\/esp2-239x300.jpg 239w, https:\/\/www.todovinos.cl\/wp2\/wp-content\/uploads\/2016\/07\/esp2.jpg 250w\" sizes=\"auto, (max-width: 160px) 100vw, 160px\" \/><\/a>A <strong>Jancis Robinson<\/strong> por el conjunto de su obra y por el libro representativo de su carrera como autora:<br \/>\nThe Oxford Companion to Wine<br \/>\nAutora: Jancis Robinson con la asistencia de Julia Harding<br \/>\nEditor: Oxford University Press<br \/>\nPa\u00eds: Reino Unido<br \/>\nIdioma: ingl\u00e9s<br \/>\n908 p\u00e1ginas<\/p>\n<p>&nbsp;<\/p>\n<p>&nbsp;<\/p>\n<p>&nbsp;<\/p>\n<p><strong>Los Premios de la OIV de 2016<\/strong><\/p>\n<p><a href=\"http:\/\/www.todovinos.cl\/wp2\/wp-content\/uploads\/2016\/07\/p1.jpg\"><img loading=\"lazy\" decoding=\"async\" class=\"wp-image-3400 alignleft\" src=\"http:\/\/www.todovinos.cl\/wp2\/wp-content\/uploads\/2016\/07\/p1-300x213.jpg\" alt=\"p1\" width=\"151\" height=\"107\" \/><\/a>Categor\u00eda <span style=\"text-decoration: underline;\">Viticultura<\/span><br \/>\n-Vitigni Italiani. Loro caratterizzazione e valorizzazione &#8211; Italian wine grape varieties. Their viticultural characterization<br \/>\nAutores y coordinadores de un grupo de 50 autores:<br \/>\nLuigi Bavaresco y Massimo Gardiman<br \/>\nEditor: Gianni Sartori Editore<br \/>\nPa\u00eds: Italia<br \/>\nIdiomas: italiano e ingl\u00e9s<br \/>\n231 p\u00e1ginas<\/p>\n<p>&nbsp;<\/p>\n<p><a href=\"http:\/\/www.todovinos.cl\/wp2\/wp-content\/uploads\/2016\/07\/p2.jpg\"><img loading=\"lazy\" decoding=\"async\" class=\"wp-image-3401 alignleft\" src=\"http:\/\/www.todovinos.cl\/wp2\/wp-content\/uploads\/2016\/07\/p2-204x300.jpg\" alt=\"p2\" width=\"151\" height=\"222\" srcset=\"https:\/\/www.todovinos.cl\/wp2\/wp-content\/uploads\/2016\/07\/p2-204x300.jpg 204w, https:\/\/www.todovinos.cl\/wp2\/wp-content\/uploads\/2016\/07\/p2.jpg 250w\" sizes=\"auto, (max-width: 151px) 100vw, 151px\" \/><\/a>Categor\u00eda <span style=\"text-decoration: underline;\">Enolog\u00eda<\/span><\/p>\n<p>-Qu\u00edmica Enol\u00f3gica &#8211; m\u00e9todos anal\u00edticos. Avan\u00e7os recentes no controlo da qualidade dos vinhos e de outros produtos vitivin\u00edcolas<br \/>\nDirector cient\u00edfico del grupo de 31 autores: Ant\u00f3nio S\u00e9rgio Curvelo-Garcia<br \/>\nCodirector cient\u00edfico del grupo: Paulo Barros<br \/>\nEditor: Agrobook &#8211; Grupo editorial AGROTEC \/ Ant\u00f3nio S\u00e9rgio Curvelo-Garcia y Paulo Barros<br \/>\nPa\u00eds: Portugal<br \/>\nIdioma: portugu\u00e9s<br \/>\n823 p\u00e1ginas<\/p>\n<p>&nbsp;<\/p>\n<p>&nbsp;<\/p>\n<p><a href=\"http:\/\/www.todovinos.cl\/wp2\/wp-content\/uploads\/2016\/07\/p3.jpg\"><img loading=\"lazy\" decoding=\"async\" class=\"wp-image-3402 alignleft\" src=\"http:\/\/www.todovinos.cl\/wp2\/wp-content\/uploads\/2016\/07\/p3-217x300.jpg\" alt=\"p3\" width=\"150\" height=\"207\" srcset=\"https:\/\/www.todovinos.cl\/wp2\/wp-content\/uploads\/2016\/07\/p3-217x300.jpg 217w, https:\/\/www.todovinos.cl\/wp2\/wp-content\/uploads\/2016\/07\/p3.jpg 250w\" sizes=\"auto, (max-width: 150px) 100vw, 150px\" \/><\/a><br \/>\n-Technologie des Weines<br \/>\nAutor: Jochen Hamatschek<br \/>\nEditor: Verlag Eugen Ulmer<br \/>\nPa\u00eds: Alemania<br \/>\nIdioma: alem\u00e1n<br \/>\n478 p\u00e1ginas<\/p>\n<p>&nbsp;<\/p>\n<p>&nbsp;<\/p>\n<p>&nbsp;<\/p>\n<p>&nbsp;<\/p>\n<p><a href=\"http:\/\/www.todovinos.cl\/wp2\/wp-content\/uploads\/2016\/07\/p4.jpg\"><img loading=\"lazy\" decoding=\"async\" class=\"wp-image-3403 alignleft\" src=\"http:\/\/www.todovinos.cl\/wp2\/wp-content\/uploads\/2016\/07\/p4.jpg\" alt=\"p4\" width=\"150\" height=\"176\" \/><\/a>Categor\u00eda <span style=\"text-decoration: underline;\">Econom\u00eda y Derecho<br \/>\n<\/span><br \/>\n-Appellation Napa Valley: Building and Protecting an American Treasure<br \/>\nAutor: Richard Mendelson<br \/>\nEditor: Val de Grace Books &amp; Film, INC.<br \/>\nPa\u00eds: Estados Unidos<br \/>\nIdioma: ingl\u00e9s<br \/>\n261 p\u00e1ginas<\/p>\n<p>&nbsp;<\/p>\n<p>&nbsp;<\/p>\n<p><a href=\"http:\/\/www.todovinos.cl\/wp2\/wp-content\/uploads\/2016\/07\/p5.jpg\"><img loading=\"lazy\" decoding=\"async\" class=\"wp-image-3404 alignleft\" src=\"http:\/\/www.todovinos.cl\/wp2\/wp-content\/uploads\/2016\/07\/p5-198x300.jpg\" alt=\"p5\" width=\"150\" height=\"227\" srcset=\"https:\/\/www.todovinos.cl\/wp2\/wp-content\/uploads\/2016\/07\/p5-198x300.jpg 198w, https:\/\/www.todovinos.cl\/wp2\/wp-content\/uploads\/2016\/07\/p5.jpg 250w\" sizes=\"auto, (max-width: 150px) 100vw, 150px\" \/><\/a>Categor\u00eda <span style=\"text-decoration: underline;\">Derecho<br \/>\n<\/span><br \/>\n-\u306f\u3058\u3081\u3066\u306e\u30ef\u30a4\u30f3\u6cd5 (Hajimete-no-wain-ho)<br \/>\nAutor: Kensuk\u00e9 Ebihara<br \/>\nEditor: Kohyusha. co., Ltd.<br \/>\nPa\u00eds: Jap\u00f3n<br \/>\nIdioma: japon\u00e9s + PDF<br \/>\n368 p\u00e1ginas<\/p>\n<p>&nbsp;<\/p>\n<p>&nbsp;<\/p>\n<p>&nbsp;<\/p>\n<p><a href=\"http:\/\/www.todovinos.cl\/wp2\/wp-content\/uploads\/2016\/07\/p6.jpg\"><img loading=\"lazy\" decoding=\"async\" class=\"wp-image-3405 alignleft\" src=\"http:\/\/www.todovinos.cl\/wp2\/wp-content\/uploads\/2016\/07\/p6-216x300.jpg\" alt=\"p6\" width=\"150\" height=\"207\" srcset=\"https:\/\/www.todovinos.cl\/wp2\/wp-content\/uploads\/2016\/07\/p6-216x300.jpg 216w, https:\/\/www.todovinos.cl\/wp2\/wp-content\/uploads\/2016\/07\/p6.jpg 250w\" sizes=\"auto, (max-width: 150px) 100vw, 150px\" \/><\/a>Categor\u00eda <span style=\"text-decoration: underline;\">Literatura<\/span><\/p>\n<p>-Le vin snob<br \/>\nAutor: Jacques Orhon<br \/>\nEditor: Les Editions de l&#8217;HOMME<br \/>\nPa\u00eds: Canad\u00e1<br \/>\nIdioma: franc\u00e9s<br \/>\n264 p\u00e1ginas<\/p>\n<p>&nbsp;<\/p>\n<p>&nbsp;<\/p>\n<p>&nbsp;<\/p>\n<p><a href=\"http:\/\/www.todovinos.cl\/wp2\/wp-content\/uploads\/2016\/07\/p7.jpg\"><img loading=\"lazy\" decoding=\"async\" class=\"wp-image-3406 alignleft\" src=\"http:\/\/www.todovinos.cl\/wp2\/wp-content\/uploads\/2016\/07\/p7-194x300.jpg\" alt=\"p7\" width=\"150\" height=\"232\" srcset=\"https:\/\/www.todovinos.cl\/wp2\/wp-content\/uploads\/2016\/07\/p7-194x300.jpg 194w, https:\/\/www.todovinos.cl\/wp2\/wp-content\/uploads\/2016\/07\/p7.jpg 250w\" sizes=\"auto, (max-width: 150px) 100vw, 150px\" \/><\/a>Categor\u00eda <span style=\"text-decoration: underline;\">Historia<\/span><\/p>\n<p>-Le pinard des Poilus. Une histoire du vin en France durant la grande Guerre (1914-1918)<br \/>\nAutor: Christophe Lucand<br \/>\nEditor: EUD &#8211; Editions Universitaires de Dijon<br \/>\nPa\u00eds: Francia<br \/>\nIdioma: franc\u00e9s<br \/>\n170 p\u00e1ginas<\/p>\n<p>&nbsp;<\/p>\n<p>&nbsp;<\/p>\n<p>&nbsp;<\/p>\n<p><a href=\"http:\/\/www.todovinos.cl\/wp2\/wp-content\/uploads\/2016\/07\/p8.jpg\"><img loading=\"lazy\" decoding=\"async\" class=\"wp-image-3407 alignleft\" src=\"http:\/\/www.todovinos.cl\/wp2\/wp-content\/uploads\/2016\/07\/p8-221x300.jpg\" alt=\"p8\" width=\"150\" height=\"204\" srcset=\"https:\/\/www.todovinos.cl\/wp2\/wp-content\/uploads\/2016\/07\/p8-221x300.jpg 221w, https:\/\/www.todovinos.cl\/wp2\/wp-content\/uploads\/2016\/07\/p8.jpg 250w\" sizes=\"auto, (max-width: 150px) 100vw, 150px\" \/><\/a>Categor\u00eda <span style=\"text-decoration: underline;\">Descubrimiento y presentaci\u00f3n de los vinos<br \/>\n<\/span><br \/>\n-Atlas de la vigne et du vin &#8211; Un nouveau d\u00e9fi de la mondialisation<br \/>\nCoordinadores del grupo de autores: Fran\u00e7ois Legouy y Sylvaine Boulanger<br \/>\nEditor: Armand Colin<br \/>\nPa\u00eds: Francia<br \/>\nIdioma: franc\u00e9s<br \/>\n176 p\u00e1ginas<\/p>\n<p>&nbsp;<\/p>\n<p>&nbsp;<\/p>\n<p><a href=\"http:\/\/www.todovinos.cl\/wp2\/wp-content\/uploads\/2016\/07\/p9.jpg\"><img loading=\"lazy\" decoding=\"async\" class=\"wp-image-3408 alignleft\" src=\"http:\/\/www.todovinos.cl\/wp2\/wp-content\/uploads\/2016\/07\/p9-194x300.jpg\" alt=\"p9\" width=\"151\" height=\"233\" srcset=\"https:\/\/www.todovinos.cl\/wp2\/wp-content\/uploads\/2016\/07\/p9-194x300.jpg 194w, https:\/\/www.todovinos.cl\/wp2\/wp-content\/uploads\/2016\/07\/p9.jpg 250w\" sizes=\"auto, (max-width: 151px) 100vw, 151px\" \/><\/a>Categor\u00eda <span style=\"text-decoration: underline;\">Vinos y territorios<br \/>\n<\/span><br \/>\n-Vins insolites &#8211; Unusual wines &#8211; Vinos ins\u00f3litos &#8211; Vini insoliti<br \/>\nAutor: Pierrick Bourgault<br \/>\nEditor: Editions JonGlez<br \/>\nPa\u00eds: Francia<br \/>\nIdiomas: editado en franc\u00e9s, italiano, espa\u00f1ol e ingl\u00e9s<br \/>\n256 p\u00e1ginas<\/p>\n<p>&nbsp;<\/p>\n<p>&nbsp;<\/p>\n<p><a href=\"http:\/\/www.todovinos.cl\/wp2\/wp-content\/uploads\/2016\/07\/pb.jpg\"><img loading=\"lazy\" decoding=\"async\" class=\"wp-image-3409 alignleft\" src=\"http:\/\/www.todovinos.cl\/wp2\/wp-content\/uploads\/2016\/07\/pb-231x300.jpg\" alt=\"pb\" width=\"151\" height=\"196\" srcset=\"https:\/\/www.todovinos.cl\/wp2\/wp-content\/uploads\/2016\/07\/pb-231x300.jpg 231w, https:\/\/www.todovinos.cl\/wp2\/wp-content\/uploads\/2016\/07\/pb.jpg 250w\" sizes=\"auto, (max-width: 151px) 100vw, 151px\" \/><\/a><br \/>\n-The Wines of India &#8211; A Concise Guide<br \/>\nAutor: Peter Csizmadia-Honigh<br \/>\nEditor: The Press Publishing Ltd<br \/>\nPa\u00eds: India<br \/>\nIdioma: ingl\u00e9s<br \/>\n452 p\u00e1ginas<\/p>\n<p>&nbsp;<\/p>\n<p>&nbsp;<\/p>\n<p><a href=\"http:\/\/www.todovinos.cl\/wp2\/wp-content\/uploads\/2016\/07\/pc.jpg\"><img loading=\"lazy\" decoding=\"async\" class=\"wp-image-3410 alignleft\" src=\"http:\/\/www.todovinos.cl\/wp2\/wp-content\/uploads\/2016\/07\/pc-244x300.jpg\" alt=\"pc\" width=\"150\" height=\"184\" srcset=\"https:\/\/www.todovinos.cl\/wp2\/wp-content\/uploads\/2016\/07\/pc-244x300.jpg 244w, https:\/\/www.todovinos.cl\/wp2\/wp-content\/uploads\/2016\/07\/pc.jpg 250w\" sizes=\"auto, (max-width: 150px) 100vw, 150px\" \/><\/a>Categor\u00eda <span style=\"text-decoration: underline;\">Monograf\u00edas<\/span><\/p>\n<p>-VINOGRADARSKI ATLAS<br \/>\nAutores: Dragoslav Ivani\u0161evi\u0107, Darko Jak\u0161i\u0107 y Nada Kora\u0107<br \/>\nEditor: Statistical Office of the Republic of Serbia<br \/>\nPa\u00eds: Serbia<br \/>\nIdioma: serbo<br \/>\n413 p\u00e1ginas<\/p>\n<p>&nbsp;<\/p>\n<p><a href=\"http:\/\/www.todovinos.cl\/wp2\/wp-content\/uploads\/2016\/07\/pa.jpg\"><img loading=\"lazy\" decoding=\"async\" class=\"wp-image-3411 alignleft\" src=\"http:\/\/www.todovinos.cl\/wp2\/wp-content\/uploads\/2016\/07\/pa-214x300.jpg\" alt=\"pa\" width=\"150\" height=\"210\" srcset=\"https:\/\/www.todovinos.cl\/wp2\/wp-content\/uploads\/2016\/07\/pa-214x300.jpg 214w, https:\/\/www.todovinos.cl\/wp2\/wp-content\/uploads\/2016\/07\/pa.jpg 250w\" sizes=\"auto, (max-width: 150px) 100vw, 150px\" \/><\/a>Categor\u00eda <span style=\"text-decoration: underline;\">Actas de simposios<br \/>\n<\/span><br \/>\n-Droit du vin et sant\u00e9 publique &#8211; Wine law and public health<br \/>\nDirector del grupo de autores: Th\u00e9odore Georgopoulos<br \/>\nEditor: Les \u00c9ditions Mare &amp; Martin<br \/>\nPa\u00eds: Francia<br \/>\nIdiomas: franc\u00e9s e ingl\u00e9s<br \/>\n277 p\u00e1ginas<\/p>\n<p>&nbsp;<\/p>\n<p>&nbsp;<\/p>\n<p>&nbsp;<\/p>\n<p><strong>Las menciones especiales de la OIV de 2016<\/strong><\/p>\n<p>Categor\u00eda <span style=\"text-decoration: underline;\">Viticultura<\/span><br \/>\n-Trait\u00e9 de la vigne<br \/>\nCoordinador del grupo de ocho autores: Alain Carbonneau<br \/>\nEditor: Editions Dunod<br \/>\nPa\u00eds: Francia<br \/>\nIdioma: franc\u00e9s<br \/>\n592 p\u00e1ginas<\/p>\n<p>Categor\u00eda <span style=\"text-decoration: underline;\">Enolog\u00eda<\/span><br \/>\n-Brettanomyces et ph\u00e9nols volatils &#8211; Outils pratiques pour pr\u00e9venir et limiter les alt\u00e9rations dans les vins<br \/>\nAutor: Vincent Renouf<br \/>\nEditor: Lavoisier<br \/>\nPa\u00eds: Francia<br \/>\nIdioma: franc\u00e9s<br \/>\n264 p\u00e1ginas<\/p>\n<p>Categor\u00eda <span style=\"text-decoration: underline;\">Econom\u00eda<\/span><br \/>\n-Successful social media and ecommerce strategies in the wine industry<br \/>\nAutores: Gergely Szolnoki, Liz Thach y Dani Kolb<br \/>\nEditor: Palgrave Macmillan<br \/>\nPa\u00eds: Estados Unidos<br \/>\nIdioma: ingl\u00e9s<br \/>\n146 p\u00e1ginas<\/p>\n<p>-Entreprendre dans le vin<br \/>\nAutor: Martin Cubertafond<br \/>\nEditor: Editions Eyrolles<br \/>\nPa\u00eds: Francia<br \/>\nIdioma: franc\u00e9s<br \/>\n290 p\u00e1ginas<\/p>\n<p>Categor\u00eda <span style=\"text-decoration: underline;\">Historia<\/span><br \/>\n-La vid y el vino en Espa\u00f1a. Edades antigua y media<br \/>\nAutor: Juan Piqueras Haba<br \/>\nEditor: PUV (Publicacions Universitat Valencia)<br \/>\nPa\u00eds: Espa\u00f1a<br \/>\nIdioma: espa\u00f1ol<br \/>\n466 p\u00e1ginas<\/p>\n<p>Categor\u00eda <span style=\"text-decoration: underline;\">Descubrimiento y presentaci\u00f3n de los vinos<\/span><br \/>\n-Wine behind the label &#8211; 9th edition<br \/>\nAutores: David Moore y Neville Blech<br \/>\nEditor: Wine Behind The Label<br \/>\nPa\u00eds: Reino Unido<br \/>\nIdioma: ingl\u00e9s<br \/>\n936 p\u00e1ginas<\/p>\n<p>-La f\u00e9e de la vigne<br \/>\nAutor de los textos: Christian Fellmann<br \/>\nIlustradora acuarelista: Marianne Schneeberger-Baehler<br \/>\nEditor: Association Aquarelle \u00e0 la carte<br \/>\nPa\u00eds: Suiza<br \/>\nIdioma: franc\u00e9s<br \/>\n50 p\u00e1ginas<\/p>\n<p>Categor\u00eda <span style=\"text-decoration: underline;\">Vinos y territorios<\/span><br \/>\n-Skalick\u00e9 b\u00fady &#8211; pr\u00edbehy o vinohradn\u00edkoch a v\u00edne<br \/>\nAutor: Vydavate\u013estvo Spolku slovensk\u00fdch spisovate\u013eov Bratislava<br \/>\nEditor: Polygraf Print spol. S.r.o.<br \/>\nPa\u00eds: Eslovaquia<br \/>\nIdioma: eslovaco<br \/>\n567 p\u00e1ginas<\/p>\n<p>-Hungarian Wine: a Tasting Trip to the New Old World<br \/>\nAutor: Robert Smyth<br \/>\nEditor: Blueguides<br \/>\nPa\u00eds: Hungr\u00eda<br \/>\nIdioma: ingl\u00e9s<br \/>\n351 p\u00e1ginas<\/p>\n<p>Categor\u00eda <span style=\"text-decoration: underline;\">Vinos y manjares<\/span><br \/>\n-Bo\u017esk\u00e1 R\u00e9va &#8211; Kniha pln\u00e1 v\u00edna<br \/>\nAutora: Barbara My\u0161i\u010dkov\u00e1<br \/>\nEditor: Divinemenu<br \/>\nPa\u00eds: Rep\u00fablica Checa<br \/>\nIdioma: checo<br \/>\n370 p\u00e1ginas<\/p>\n<p>Categor\u00eda <span style=\"text-decoration: underline;\">Monograf\u00edas<\/span><br \/>\n-Oltenia mica Rom\u00e2nie viticol\u0103<br \/>\nAutores: Aurel Popa, Nicolae Giugea, Traian C\u0103t\u0103lin Genoiu<br \/>\nEditor: AIUS<br \/>\nPa\u00eds: Rumania<br \/>\nIdioma: rumano<br \/>\n343 p\u00e1ginas<\/p>\n<p>Categor\u00eda <span style=\"text-decoration: underline;\">Monograf\u00edas y estudios especializados<\/span><br \/>\n-Les outils de la vigne et du vin &#8211; Voyage \u00e0 travers l&#8217;histoire du vin et de ses m\u00e9tiers<br \/>\nAutor: St\u00e9phane Bernoud<br \/>\nEditor: Dunod<br \/>\nPa\u00eds: Francia<br \/>\nIdioma: franc\u00e9s<br \/>\n252 p\u00e1ginas<\/p>\n<p>Categor\u00eda <span style=\"text-decoration: underline;\">Enciclopedias<\/span><br \/>\n-Manuel de sommellerie professionnelle<br \/>\nAutores: Pascal Patron, Kathleen McNeil y Jean-Luc Jault<br \/>\nEditor: Institut de tourisme et d&#8217;h\u00f4tellerie du Qu\u00e9bec<br \/>\nPa\u00eds: Canad\u00e1<br \/>\nIdioma: franc\u00e9s<br \/>\n754 p\u00e1ginas<\/p>\n<p>&nbsp;<\/p>\n","protected":false},"excerpt":{"rendered":"<p>El jurado de la Organizaci\u00f3n Internacional de la Vi\u00f1a y el Vino (OIV) entreg\u00f3 recientemente en Par\u00eds, 12 premios y 13 menciones especiales entre 40 obras nominadas, seleccionadas a partir de 76 candidaturas recibidas. La edici\u00f3n 2016 de los Palmar\u00e9s de la OIV puede considerarse una gran a\u00f1ada, por la calidad de las obras en&hellip;<\/p>\n","protected":false},"author":1,"featured_media":3412,"comment_status":"closed","ping_status":"closed","sticky":false,"template":"","format":"standard","meta":{"footnotes":""},"categories":[22],"tags":[],"class_list":["post-3397","post","type-post","status-publish","format-standard","has-post-thumbnail","hentry","category-reportajes"],"_links":{"self":[{"href":"https:\/\/www.todovinos.cl\/wp2\/wp-json\/wp\/v2\/posts\/3397","targetHints":{"allow":["GET"]}}],"collection":[{"href":"https:\/\/www.todovinos.cl\/wp2\/wp-json\/wp\/v2\/posts"}],"about":[{"href":"https:\/\/www.todovinos.cl\/wp2\/wp-json\/wp\/v2\/types\/post"}],"author":[{"embeddable":true,"href":"https:\/\/www.todovinos.cl\/wp2\/wp-json\/wp\/v2\/users\/1"}],"replies":[{"embeddable":true,"href":"https:\/\/www.todovinos.cl\/wp2\/wp-json\/wp\/v2\/comments?post=3397"}],"version-history":[{"count":15,"href":"https:\/\/www.todovinos.cl\/wp2\/wp-json\/wp\/v2\/posts\/3397\/revisions"}],"predecessor-version":[{"id":3441,"href":"https:\/\/www.todovinos.cl\/wp2\/wp-json\/wp\/v2\/posts\/3397\/revisions\/3441"}],"wp:featuredmedia":[{"embeddable":true,"href":"https:\/\/www.todovinos.cl\/wp2\/wp-json\/wp\/v2\/media\/3412"}],"wp:attachment":[{"href":"https:\/\/www.todovinos.cl\/wp2\/wp-json\/wp\/v2\/media?parent=3397"}],"wp:term":[{"taxonomy":"category","embeddable":true,"href":"https:\/\/www.todovinos.cl\/wp2\/wp-json\/wp\/v2\/categories?post=3397"},{"taxonomy":"post_tag","embeddable":true,"href":"https:\/\/www.todovinos.cl\/wp2\/wp-json\/wp\/v2\/tags?post=3397"}],"curies":[{"name":"wp","href":"https:\/\/api.w.org\/{rel}","templated":true}]}}