{"id":10130,"date":"2022-06-13T11:55:13","date_gmt":"2022-06-13T14:55:13","guid":{"rendered":"http:\/\/www.todovinos.cl\/wp2\/?p=10130"},"modified":"2022-06-13T13:01:19","modified_gmt":"2022-06-13T16:01:19","slug":"secano-interior-y-crisis-hidrica-testimonios-de-lo-que-ocurre","status":"publish","type":"post","link":"https:\/\/www.todovinos.cl\/wp2\/2022\/06\/13\/secano-interior-y-crisis-hidrica-testimonios-de-lo-que-ocurre\/","title":{"rendered":"Secano y crisis h\u00eddrica, testimonios de lo que ocurre"},"content":{"rendered":"\n<div class=\"wp-block-image\"><figure class=\"alignright\"><img loading=\"lazy\" decoding=\"async\" width=\"400\" height=\"285\" src=\"http:\/\/www.todovinos.cl\/wp2\/wp-content\/uploads\/2022\/06\/crihidris.jpg\" alt=\"\" class=\"wp-image-10132\" srcset=\"https:\/\/www.todovinos.cl\/wp2\/wp-content\/uploads\/2022\/06\/crihidris.jpg 400w, https:\/\/www.todovinos.cl\/wp2\/wp-content\/uploads\/2022\/06\/crihidris-150x107.jpg 150w, https:\/\/www.todovinos.cl\/wp2\/wp-content\/uploads\/2022\/06\/crihidris-300x214.jpg 300w\" sizes=\"auto, (max-width: 400px) 100vw, 400px\" \/><\/figure><\/div>\n\n\n\n<p>Con importante presencia de p\u00fablico se desarroll\u00f3 el seminario \u00abCrisis Hidrica en el Secano\u00bb, organizado por la municipalidad de Cauquenes y la Asociaci\u00f3n Gremial Vinos de Cauquenes, el cual cont\u00f3 con la participaci\u00f3n de expertos en el tema de la Universidad Adolfo Iba\u00f1ez y Universidad de Chile, adem\u00e1s de la exhibici\u00f3n del video documental <em>Territorium<\/em> y mi testimonio acerca de esta zona vitivin\u00edcola de Secano y los cambios registrados en los \u00faltimos a\u00f1os.<\/p>\n\n\n\n<p>Y esos cambios est\u00e1n siendo mensurados de manera cient\u00edfica por investigadores de la UAI y UCH, quienes est\u00e1n haciendo una serie de mediciones <em>in situ<\/em> desde hace ya algunos a\u00f1os.<\/p>\n\n\n\n<p>En ese sentido, Mauricio Gallegillos,  ingeniero agr\u00f3nomo, PhD, investigador del Centro de Ciencia del Clima y Resiliencia (CR2) y acad\u00e9mico de la Universidad Adolfo Ib\u00e1\u00f1ez,  sostuvo en su ponencia que las menores precipitaciones y un aumento de las temperaturas generar\u00edan una disminuci\u00f3n de un 32,1% del caudal de la cuenca del r\u00edo Cauquenes para el periodo 2037-2050.<\/p>\n\n\n\n<p>Esta disminuci\u00f3n ser\u00eda mayor si junto con el cambio clim\u00e1tico se considera un escenario futuro con plantaciones de especies ex\u00f3ticas, como monocultivos forestales y vi\u00f1edos, llegando hasta 46,2%. En contraste, se\u00f1al\u00f3 Gallegillos, si se reforesta con especies nativas, esa baja ser\u00eda de 23,3%.<\/p>\n\n\n\n<p>Gallegillos resalt\u00f3 en gran grado de influencia que tienen la plantaciones de especies ex\u00f3ticas, principalmente de la industria forestal, pues adem\u00e1s de tratarse de especies con elevado consumo de recursos h\u00eddricos y nulo aporte en biodiversidad, su ciclo de explotaci\u00f3n es muy corto en Chile, cerca de 15 a\u00f1os, cuando en otros pa\u00edses los plazos son m\u00e1s amplios y con menores extensiones en hect\u00e1reas, impactando as\u00ed de menor manera el escenario local.<\/p>\n\n\n\n<p>Ya la investigadora de la Universidad de Chile, Elizabeth Ram\u00edrez, Ing. Agr\u00f3noma y Magister en Manejos de Suelos y Aguas, sostuvo que en base a las investigaciones realizadas en el Secano, la cont\u00ednua expansi\u00f3n de las plantaciones ex\u00f3ticas de pino ha generado el reemplazo de la vegetaci\u00f3n nativa como es el caso del matorral espinoso, podr\u00eda traer consecuencias  en el ciclo hidrol\u00f3gico de las zonas donde ocurre este cambio en el uso del suelo.<\/p>\n\n\n\n<p>Mi exposici\u00f3n se refiri\u00f3 en primer t\u00e9rmino al video\/docu <em>Territorium<\/em> exhibido a primera hora, el cual registra diversos paisajes y habitantes de la provincia de Cauquenes y sus ocupaciones, en su mayor\u00eda familias dedicadas a la peque\u00f1a agricultura, la cual se ha desarrollado por generaciones en la zona y resulta ser la forma productiva m\u00e1s sustentable y ecol\u00f3gica en el tiempo. Pero esta forma de vida y organizaci\u00f3n est\u00e1 corriendo cada d\u00eda m\u00e1s peligro de desaparecer por acci\u00f3n de la agroindustria y empresas forestales que presionan a los peque\u00f1os propietarios para vender sus tierras o arrendarlas para monocultivos (ver video <em>Territorium<\/em> en YouTube <a rel=\"noreferrer noopener\" aria-label=\"https:\/\/www.youtube.com\/watch?v=3sR3mTO5UXM (abre en una nueva pesta\u00f1a)\" href=\"https:\/\/www.youtube.com\/watch?v=3sR3mTO5UXM\" target=\"_blank\">https:\/\/www.youtube.com\/watch?v=3sR3mTO5UXM<\/a>)<\/p>\n\n\n\n<p>En seguida me refer\u00ed a mi experiencia en los \u00faltimos siete a\u00f1os respecto de los cambios que he visto en los campos de la zona de Cauquenes, con la llegada de medianas y grandes vi\u00f1as que  han adquirido tierras para instalar sus vi\u00f1edos con riego por goteo, algo diametralmente diferente a los cultivos de la zona del Secano. <\/p>\n\n\n\n<div class=\"wp-block-image\"><figure class=\"alignright is-resized\"><img loading=\"lazy\" decoding=\"async\" src=\"http:\/\/www.todovinos.cl\/wp2\/wp-content\/uploads\/2022\/06\/crisishid1.jpg\" alt=\"\" class=\"wp-image-10131\" width=\"402\" height=\"221\" srcset=\"https:\/\/www.todovinos.cl\/wp2\/wp-content\/uploads\/2022\/06\/crisishid1.jpg 303w, https:\/\/www.todovinos.cl\/wp2\/wp-content\/uploads\/2022\/06\/crisishid1-150x82.jpg 150w, https:\/\/www.todovinos.cl\/wp2\/wp-content\/uploads\/2022\/06\/crisishid1-300x164.jpg 300w\" sizes=\"auto, (max-width: 402px) 100vw, 402px\" \/><\/figure><\/div>\n\n\n\n<p>Esas nuevas extensiones de vi\u00f1edos en espaldera reciben agua por goteo que, adem\u00e1s de ser subsidiado por la Comisi\u00f3n Nacional de Riego, extraen agua de caudales locales de manera agroindustrial, alterando, sin duda, el panorama local de Secano, pues consumen de r\u00edos o pozos agua de manera industrial, afectando las reservas h\u00eddricas que se dan de manera natural en el Secano.<\/p>\n\n\n\n<p>En el marco del conversatorio con los asistentes al seminario, entre ellos agricultores y organizaciones locales, se registraron denuncias documentadas sobre extracci\u00f3n indiscriminada de agua de r\u00edos locales por parte de vi\u00f1as que han adquirido tierras en los \u00faltimos a\u00f1os en la zona, y tambi\u00e9n empresas agroindustriales, adem\u00e1s de las empresas forestales presentes hace muchos a\u00f1os en la zona donde  han ido ganando presencia con sus monocultivos en desmedro de la biodiversidad y vegetaci\u00f3n caracter\u00edstica del Secano. <\/p>\n\n\n\n<p>Es fundamental sincerar y dar a conocer las pr\u00e1cticas nada susterntables de vi\u00f1as y otras empresas agr\u00edcolas, que est\u00e1n alterando con su modelo industrial a gran escala el fr\u00e1gil equilibrio ecol\u00f3gico de zonas como el Secano interior de Cauquenes.<\/p>\n\n\n\n<p>Muchas veces vi\u00f1as que tienen este tipo de malas pr\u00e1cticas, en otros escenarios y en su propia promoci\u00f3n de imagen empresarial se definen como empresas medio ambientalmente responsables o alardean de \u00absellos\u00bb de sustentabilidad otorgados por sus propias organizaciones gremiales, al tiempo que en vi\u00f1edos menos conocidos o no tan \u00aba la vista\u00bb mantienen formas de producci\u00f3n cuestionables ambientalmente, adem\u00e1s de ni siquiera considerar a las comunidades locales, sino que llegan, otorgan escasas oportunidades de trabajo, y apelando a las condiciones especiales del Secano para la producci\u00f3n de \u00abespeciales\u00bb uvas que resultar\u00edan en \u00abespeciales\u00bb vinos, se vanaglorian de tambi\u00e9n contar con vi\u00f1edos en esas zonas pero sin mencionar que \u00abimportan\u00bb formas de producci\u00f3n que no tienen nada que ver con el Secano, del cual aprovechan su denominaci\u00f3n de origen pero que al final est\u00e1n provocando alteraciones al ecosistema.<\/p>\n\n\n\n<p>Desde esta tribuna aplaudimos la iniciativa de la municipalidad de Cauquenes y su alcaldesa, Nery Rodr\u00edgiuez, y de Vinos de Cauquenes AG, de organizar seminarios de este tipo para traspasar a la comunidad de agricultores y p\u00fablico en general, resultados de investigaciones y testimonios acerca de la actual situaci\u00f3n del campo en zonas rurales como Cauquenes.<\/p>\n\n\n\n<p>(Alejandro Tumayan &#8211; todovinos.cl)<\/p>\n\n\n\n<p><\/p>\n","protected":false},"excerpt":{"rendered":"<p>Con importante presencia de p\u00fablico se desarroll\u00f3 el seminario \u00abCrisis Hidrica en el Secano\u00bb, organizado por la municipalidad de Cauquenes y la Asociaci\u00f3n Gremial Vinos de Cauquenes, el cual cont\u00f3 con la participaci\u00f3n de expertos en el tema de la Universidad Adolfo Iba\u00f1ez y Universidad de Chile, adem\u00e1s de la exhibici\u00f3n del video documental Territorium&hellip;<\/p>\n","protected":false},"author":1,"featured_media":10132,"comment_status":"closed","ping_status":"closed","sticky":false,"template":"","format":"standard","meta":{"footnotes":""},"categories":[22],"tags":[],"class_list":["post-10130","post","type-post","status-publish","format-standard","has-post-thumbnail","hentry","category-reportajes"],"_links":{"self":[{"href":"https:\/\/www.todovinos.cl\/wp2\/wp-json\/wp\/v2\/posts\/10130","targetHints":{"allow":["GET"]}}],"collection":[{"href":"https:\/\/www.todovinos.cl\/wp2\/wp-json\/wp\/v2\/posts"}],"about":[{"href":"https:\/\/www.todovinos.cl\/wp2\/wp-json\/wp\/v2\/types\/post"}],"author":[{"embeddable":true,"href":"https:\/\/www.todovinos.cl\/wp2\/wp-json\/wp\/v2\/users\/1"}],"replies":[{"embeddable":true,"href":"https:\/\/www.todovinos.cl\/wp2\/wp-json\/wp\/v2\/comments?post=10130"}],"version-history":[{"count":8,"href":"https:\/\/www.todovinos.cl\/wp2\/wp-json\/wp\/v2\/posts\/10130\/revisions"}],"predecessor-version":[{"id":10145,"href":"https:\/\/www.todovinos.cl\/wp2\/wp-json\/wp\/v2\/posts\/10130\/revisions\/10145"}],"wp:featuredmedia":[{"embeddable":true,"href":"https:\/\/www.todovinos.cl\/wp2\/wp-json\/wp\/v2\/media\/10132"}],"wp:attachment":[{"href":"https:\/\/www.todovinos.cl\/wp2\/wp-json\/wp\/v2\/media?parent=10130"}],"wp:term":[{"taxonomy":"category","embeddable":true,"href":"https:\/\/www.todovinos.cl\/wp2\/wp-json\/wp\/v2\/categories?post=10130"},{"taxonomy":"post_tag","embeddable":true,"href":"https:\/\/www.todovinos.cl\/wp2\/wp-json\/wp\/v2\/tags?post=10130"}],"curies":[{"name":"wp","href":"https:\/\/api.w.org\/{rel}","templated":true}]}}